{"id":11074,"date":"2026-03-09T12:01:43","date_gmt":"2026-03-09T11:01:43","guid":{"rendered":"https:\/\/www.eurogroupconsulting.com\/?p=11074"},"modified":"2026-03-09T12:02:43","modified_gmt":"2026-03-09T11:02:43","slug":"the-development-of-flexibility-is-an-imperative-for-energy","status":"publish","type":"post","link":"https:\/\/www.eurogroupconsulting.com\/en\/publications\/article\/le-developpement-des-flexibilites-un-imperatif-pour-l-energie","title":{"rendered":"The development of flexibility: an imperative to reconcile the electrification of uses, the integration of renewables into the electricity grid, and the decarbonization trajectory"},"content":{"rendered":"<div data-elementor-type=\"wp-post\" data-elementor-id=\"11074\" class=\"elementor elementor-11074\" data-elementor-post-type=\"post\">\n\t\t\t\t<div class=\"elementor-element elementor-element-1a6fe4f e-con-full e-flex e-con e-parent\" data-id=\"1a6fe4f\" data-element_type=\"container\" data-e-type=\"container\">\n\t\t\t\t<div class=\"elementor-element elementor-element-69c016a elementor-widget elementor-widget-text-editor\" data-id=\"69c016a\" data-element_type=\"widget\" data-e-type=\"widget\" data-widget_type=\"text-editor.default\">\n\t\t\t\t\t\t\t\t\t<div class=\"wpb_text_column wpb_content_element\"><div class=\"wpb_wrapper\"><div class=\"wpb_text_column wpb_content_element\"><div class=\"wpb_wrapper\"><div class=\"wpb_text_column wpb_content_element\"><div class=\"wpb_wrapper\"><div class=\"wpb_text_column wpb_content_element\"><div class=\"wpb_wrapper\"><p data-path-to-node=\"11\"><strong style=\"font-family: -apple-system, BlinkMacSystemFont, 'Segoe UI', Roboto, 'Helvetica Neue', Arial, 'Noto Sans', sans-serif, 'Apple Color Emoji', 'Segoe UI Emoji', 'Segoe UI Symbol', 'Noto Color Emoji';\">The electrification of uses<\/strong><span style=\"font-family: -apple-system, BlinkMacSystemFont, 'Segoe UI', Roboto, 'Helvetica Neue', Arial, 'Noto Sans', sans-serif, 'Apple Color Emoji', 'Segoe UI Emoji', 'Segoe UI Symbol', 'Noto Color Emoji';\">, driven by the decarbonization of transport, buildings, and industry, and by the development of data centers to meet the growing needs of technologies, <\/span><strong style=\"font-family: -apple-system, BlinkMacSystemFont, 'Segoe UI', Roboto, 'Helvetica Neue', Arial, 'Noto Sans', sans-serif, 'Apple Color Emoji', 'Segoe UI Emoji', 'Segoe UI Symbol', 'Noto Color Emoji';\">va<\/strong> <strong style=\"font-family: -apple-system, BlinkMacSystemFont, 'Segoe UI', Roboto, 'Helvetica Neue', Arial, 'Noto Sans', sans-serif, 'Apple Color Emoji', 'Segoe UI Emoji', 'Segoe UI Symbol', 'Noto Color Emoji';\">lead to a significant increase in electricity demand and an intensification of peak consumption <\/strong><span style=\"font-family: -apple-system, BlinkMacSystemFont, 'Segoe UI', Roboto, 'Helvetica Neue', Arial, 'Noto Sans', sans-serif, 'Apple Color Emoji', 'Segoe UI Emoji', 'Segoe UI Symbol', 'Noto Color Emoji';\">(charging vehicles in the evening, heating...). <\/span><strong style=\"font-family: -apple-system, BlinkMacSystemFont, 'Segoe UI', Roboto, 'Helvetica Neue', Arial, 'Noto Sans', sans-serif, 'Apple Color Emoji', 'Segoe UI Emoji', 'Segoe UI Symbol', 'Noto Color Emoji';\">At the same time, the continued integration of renewable energies (REs), particularly wind and solar, increases production variability and reduces the share of traditional dispatchable power sources.<\/strong><span style=\"font-family: -apple-system, BlinkMacSystemFont, 'Segoe UI', Roboto, 'Helvetica Neue', Arial, 'Noto Sans', sans-serif, 'Apple Color Emoji', 'Segoe UI Emoji', 'Segoe UI Symbol', 'Noto Color Emoji';\">. In this context, <\/span><strong style=\"font-family: -apple-system, BlinkMacSystemFont, 'Segoe UI', Roboto, 'Helvetica Neue', Arial, 'Noto Sans', sans-serif, 'Apple Color Emoji', 'Segoe UI Emoji', 'Segoe UI Symbol', 'Noto Color Emoji';\">The development and use of electrical flexibility <\/strong><span style=\"font-family: -apple-system, BlinkMacSystemFont, 'Segoe UI', Roboto, 'Helvetica Neue', Arial, 'Noto Sans', sans-serif, 'Apple Color Emoji', 'Segoe UI Emoji', 'Segoe UI Symbol', 'Noto Color Emoji';\">\u200b<\/span><strong style=\"font-family: -apple-system, BlinkMacSystemFont, 'Segoe UI', Roboto, 'Helvetica Neue', Arial, 'Noto Sans', sans-serif, 'Apple Color Emoji', 'Segoe UI Emoji', 'Segoe UI Symbol', 'Noto Color Emoji';\">becomes increasingly necessary<\/strong><span style=\"font-family: -apple-system, BlinkMacSystemFont, 'Segoe UI', Roboto, 'Helvetica Neue', Arial, 'Noto Sans', sans-serif, 'Apple Color Emoji', 'Segoe UI Emoji', 'Segoe UI Symbol', 'Noto Color Emoji';\">. This increase in flexibility must meet both national and local challenges.<\/span><\/p><\/div><p>This article aims to <strong>decipher the growing role of electricity flexibility<\/strong> <strong>in the French electrical system<\/strong>, analyzing both their historical functions at the national level and their more recent development at the local level. It offers a structured reading of <strong>Different types of flexibility that can be leveraged to manage the electrical system<\/strong>, associated mechanisms, and the impacts and challenges related to the system's transformation. The objective is also to shed light on <strong>new challenges<\/strong> technical, economic, organizational, and contractual <strong>which are faced by network managers<\/strong>, in a context of accelerated energy transition.<\/p><\/div><\/div><\/div><\/div><\/div><\/div><\/div>\t\t\t\t\t\t\t\t<\/div>\n\t\t\t\t<div class=\"elementor-element elementor-element-a328776 elementor-widget elementor-widget-text-editor\" data-id=\"a328776\" data-element_type=\"widget\" data-e-type=\"widget\" data-widget_type=\"text-editor.default\">\n\t\t\t\t\t\t\t\t\t<h5>What is electricity flexibility?<\/h5><p>La flexibilit\u00e9 \u00e9lectrique d\u00e9signe la capacit\u00e9 d\u2019un acteur (site de production, stockage ou consommation) \u00e0 modifier son injection ou son soutirage d\u2019\u00e9lectricit\u00e9 sur le r\u00e9seau, g\u00e9n\u00e9ralement en r\u00e9ponse \u00e0 un signal (prix, demande du gestionnaire de r\u00e9seau, contrainte technique). Les flexibilit\u00e9s peuvent \u00eatre mobilis\u00e9es \u00e0 diff\u00e9rentes \u00e9chelles du syst\u00e8me \u00e9lectrique : \u00e0 l\u2019\u00e9chelle nationale pour assurer notamment l\u2019\u00e9quilibre offre-demande en temps r\u00e9el et la s\u00fbret\u00e9 globale du r\u00e9seau, et \u00e0 une \u00e9chelle locale pour traiter des contraintes sp\u00e9cifiques localis\u00e9s sur le r\u00e9seau de transport ou de distribution.<\/p>\t\t\t\t\t\t\t\t<\/div>\n\t\t\t\t<\/div>\n\t\t<div class=\"elementor-element elementor-element-35eac8a e-flex e-con-boxed e-con e-parent\" data-id=\"35eac8a\" data-element_type=\"container\" data-e-type=\"container\">\n\t\t\t\t\t<div class=\"e-con-inner\">\n\t\t\t\t<div class=\"elementor-element elementor-element-1135882 elementor-widget elementor-widget-text-editor\" data-id=\"1135882\" data-element_type=\"widget\" data-e-type=\"widget\" data-widget_type=\"text-editor.default\">\n\t\t\t\t\t\t\t\t\t<div class=\"standard-arrow list-divider bullet-top\"><hr \/><div class=\"standard-arrow list-divider bullet-top\"><div class=\"standard-arrow list-divider bullet-top\"><div class=\"wpb_text_column wpb_content_element\"><div class=\"wpb_wrapper\"><p>\u00a0<\/p><p><strong>Discover the full article with contributions from:\u00a0<\/strong><\/p><ul><li><p data-path-to-node=\"14,0,0\"><a href=\"https:\/\/www.linkedin.com\/in\/lo%C3%AFc-favier-58431978\/\">Lo\u00efc Favier<\/a>, Director<\/p><\/li><li><a href=\"https:\/\/www.linkedin.com\/in\/thibault-guibert-b958a2130\/\">Thibault Guibert<\/a>, Partner<\/li><\/ul><\/div><\/div><\/div><\/div><\/div>\t\t\t\t\t\t\t\t<\/div>\n\t\t\t\t\t<\/div>\n\t\t\t\t<\/div>\n\t\t<div class=\"elementor-element elementor-element-5cfb964 e-flex e-con-boxed e-con e-parent\" data-id=\"5cfb964\" data-element_type=\"container\" data-e-type=\"container\">\n\t\t\t\t\t<div class=\"e-con-inner\">\n\t\t\t\t<div class=\"elementor-element elementor-element-5e313af elementor-button-info elementor-align-center elementor-widget elementor-widget-button\" data-id=\"5e313af\" data-element_type=\"widget\" data-e-type=\"widget\" data-widget_type=\"button.default\">\n\t\t\t\t\t\t\t\t\t\t<a class=\"elementor-button elementor-button-link elementor-size-sm\" href=\"https:\/\/www.eurogroupconsulting.com\/wp-content\/uploads\/2026\/03\/Le-developpement-des-flexibilites.pdf\" target=\"_blank\">\n\t\t\t\t\t\t<span class=\"elementor-button-content-wrapper\">\n\t\t\t\t\t\t\t\t\t<span class=\"elementor-button-text\">Read the full article<\/span>\n\t\t\t\t\t<\/span>\n\t\t\t\t\t<\/a>\n\t\t\t\t\t\t\t\t<\/div>\n\t\t\t\t\t<\/div>\n\t\t\t\t<\/div>\n\t\t<div class=\"elementor-element elementor-element-8d875d7 e-flex e-con-boxed e-con e-parent\" data-id=\"8d875d7\" data-element_type=\"container\" data-e-type=\"container\">\n\t\t\t\t\t<div class=\"e-con-inner\">\n\t\t\t\t\t<\/div>\n\t\t\t\t<\/div>\n\t\t\t\t<\/div>","protected":false},"excerpt":{"rendered":"<p>The development and use of electrical flexibilities are becoming increasingly necessary. This growth in flexibilities must address both national and local challenges.<\/p>","protected":false},"author":9,"featured_media":11079,"comment_status":"closed","ping_status":"closed","sticky":false,"template":"","format":"standard","meta":{"_acf_changed":false,"footnotes":""},"categories":[32],"tags":[43],"class_list":["post-11074","post","type-post","status-publish","format-standard","has-post-thumbnail","hentry","category-article","tag-highlight"],"acf":[],"yoast_head":"<!-- This site is optimized with the Yoast SEO plugin v27.4 - https:\/\/yoast.com\/product\/yoast-seo-wordpress\/ -->\n<title>Le d\u00e9veloppement des flexibilit\u00e9s, un imp\u00e9ratif pour l&#039;\u00e9nergie<\/title>\n<meta name=\"description\" content=\"Flexibilit\u00e9s \u00e9lectriques : un levier cl\u00e9 pour concilier \u00e9lectrification des usages, int\u00e9gration des EnR et trajectoire de d\u00e9carbonation.\" \/>\n<meta name=\"robots\" content=\"index, follow, max-snippet:-1, max-image-preview:large, max-video-preview:-1\" \/>\n<link rel=\"canonical\" href=\"https:\/\/www.eurogroupconsulting.com\/en\/publications\/article\/the-development-of-flexibility-is-an-imperative-for-energy\" \/>\n<meta property=\"og:locale\" content=\"en_US\" \/>\n<meta property=\"og:type\" content=\"article\" \/>\n<meta property=\"og:title\" content=\"Le d\u00e9veloppement des flexibilit\u00e9s, un imp\u00e9ratif pour l&#039;\u00e9nergie\" \/>\n<meta property=\"og:description\" content=\"Flexibilit\u00e9s \u00e9lectriques : un levier cl\u00e9 pour concilier \u00e9lectrification des usages, int\u00e9gration des EnR et trajectoire de d\u00e9carbonation.\" \/>\n<meta property=\"og:url\" content=\"https:\/\/www.eurogroupconsulting.com\/en\/publications\/article\/the-development-of-flexibility-is-an-imperative-for-energy\" \/>\n<meta property=\"og:site_name\" content=\"Eurogroup Consulting\" \/>\n<meta property=\"article:published_time\" content=\"2026-03-09T11:01:43+00:00\" \/>\n<meta property=\"article:modified_time\" content=\"2026-03-09T11:02:43+00:00\" \/>\n<meta name=\"author\" content=\"Baptiste LEFILLIATRE-SCHREINER\" \/>\n<meta name=\"twitter:card\" content=\"summary_large_image\" \/>\n<meta name=\"twitter:label1\" content=\"Written by\" \/>\n\t<meta name=\"twitter:data1\" content=\"Baptiste LEFILLIATRE-SCHREINER\" \/>\n\t<meta name=\"twitter:label2\" content=\"Est. reading time\" \/>\n\t<meta name=\"twitter:data2\" content=\"2 minutes\" \/>\n<script type=\"application\/ld+json\" class=\"yoast-schema-graph\">{\"@context\":\"https:\\\/\\\/schema.org\",\"@graph\":[{\"@type\":\"Article\",\"@id\":\"https:\\\/\\\/www.eurogroupconsulting.com\\\/en\\\/publications\\\/article\\\/le-developpement-des-flexibilites-un-imperatif-pour-l-energie#article\",\"isPartOf\":{\"@id\":\"https:\\\/\\\/www.eurogroupconsulting.com\\\/en\\\/publications\\\/article\\\/le-developpement-des-flexibilites-un-imperatif-pour-l-energie\"},\"author\":{\"name\":\"Baptiste LEFILLIATRE-SCHREINER\",\"@id\":\"https:\\\/\\\/www.eurogroupconsulting.com\\\/en\\\/#\\\/schema\\\/person\\\/133ae1ea81103ee4d351aa8dbfef57db\"},\"headline\":\"Le d\u00e9veloppement des flexibilit\u00e9s : un imp\u00e9ratif pour concilier \u00e9lectrification des usages, int\u00e9gration des EnR sur le r\u00e9seau \u00e9lectrique et trajectoire de d\u00e9carbonation\",\"datePublished\":\"2026-03-09T11:01:43+00:00\",\"dateModified\":\"2026-03-09T11:02:43+00:00\",\"mainEntityOfPage\":{\"@id\":\"https:\\\/\\\/www.eurogroupconsulting.com\\\/en\\\/publications\\\/article\\\/le-developpement-des-flexibilites-un-imperatif-pour-l-energie\"},\"wordCount\":396,\"publisher\":{\"@id\":\"https:\\\/\\\/www.eurogroupconsulting.com\\\/en\\\/#organization\"},\"image\":{\"@id\":\"https:\\\/\\\/www.eurogroupconsulting.com\\\/en\\\/publications\\\/article\\\/le-developpement-des-flexibilites-un-imperatif-pour-l-energie#primaryimage\"},\"thumbnailUrl\":\"https:\\\/\\\/www.eurogroupconsulting.com\\\/wp-content\\\/uploads\\\/2026\\\/03\\\/photo-1615209852901-ebdb472411c2.avif\",\"keywords\":[\"Highlight\"],\"articleSection\":[\"Article\"],\"inLanguage\":\"en-US\"},{\"@type\":\"WebPage\",\"@id\":\"https:\\\/\\\/www.eurogroupconsulting.com\\\/en\\\/publications\\\/article\\\/le-developpement-des-flexibilites-un-imperatif-pour-l-energie\",\"url\":\"https:\\\/\\\/www.eurogroupconsulting.com\\\/en\\\/publications\\\/article\\\/le-developpement-des-flexibilites-un-imperatif-pour-l-energie\",\"name\":\"Le d\u00e9veloppement des flexibilit\u00e9s, un imp\u00e9ratif pour l'\u00e9nergie\",\"isPartOf\":{\"@id\":\"https:\\\/\\\/www.eurogroupconsulting.com\\\/en\\\/#website\"},\"primaryImageOfPage\":{\"@id\":\"https:\\\/\\\/www.eurogroupconsulting.com\\\/en\\\/publications\\\/article\\\/le-developpement-des-flexibilites-un-imperatif-pour-l-energie#primaryimage\"},\"image\":{\"@id\":\"https:\\\/\\\/www.eurogroupconsulting.com\\\/en\\\/publications\\\/article\\\/le-developpement-des-flexibilites-un-imperatif-pour-l-energie#primaryimage\"},\"thumbnailUrl\":\"https:\\\/\\\/www.eurogroupconsulting.com\\\/wp-content\\\/uploads\\\/2026\\\/03\\\/photo-1615209852901-ebdb472411c2.avif\",\"datePublished\":\"2026-03-09T11:01:43+00:00\",\"dateModified\":\"2026-03-09T11:02:43+00:00\",\"description\":\"Flexibilit\u00e9s \u00e9lectriques : un levier cl\u00e9 pour concilier \u00e9lectrification des usages, int\u00e9gration des EnR et trajectoire de d\u00e9carbonation.\",\"breadcrumb\":{\"@id\":\"https:\\\/\\\/www.eurogroupconsulting.com\\\/en\\\/publications\\\/article\\\/le-developpement-des-flexibilites-un-imperatif-pour-l-energie#breadcrumb\"},\"inLanguage\":\"en-US\",\"potentialAction\":[{\"@type\":\"ReadAction\",\"target\":[\"https:\\\/\\\/www.eurogroupconsulting.com\\\/en\\\/publications\\\/article\\\/le-developpement-des-flexibilites-un-imperatif-pour-l-energie\"]}]},{\"@type\":\"ImageObject\",\"inLanguage\":\"en-US\",\"@id\":\"https:\\\/\\\/www.eurogroupconsulting.com\\\/en\\\/publications\\\/article\\\/le-developpement-des-flexibilites-un-imperatif-pour-l-energie#primaryimage\",\"url\":\"https:\\\/\\\/www.eurogroupconsulting.com\\\/wp-content\\\/uploads\\\/2026\\\/03\\\/photo-1615209852901-ebdb472411c2.avif\",\"contentUrl\":\"https:\\\/\\\/www.eurogroupconsulting.com\\\/wp-content\\\/uploads\\\/2026\\\/03\\\/photo-1615209852901-ebdb472411c2.avif\",\"width\":1074,\"height\":806},{\"@type\":\"BreadcrumbList\",\"@id\":\"https:\\\/\\\/www.eurogroupconsulting.com\\\/en\\\/publications\\\/article\\\/le-developpement-des-flexibilites-un-imperatif-pour-l-energie#breadcrumb\",\"itemListElement\":[{\"@type\":\"ListItem\",\"position\":1,\"name\":\"Home\",\"item\":\"https:\\\/\\\/www.eurogroupconsulting.com\\\/\"},{\"@type\":\"ListItem\",\"position\":2,\"name\":\"Article\",\"item\":\"https:\\\/\\\/www.eurogroupconsulting.com\\\/category\\\/article\"},{\"@type\":\"ListItem\",\"position\":3,\"name\":\"Le d\u00e9veloppement des flexibilit\u00e9s : un imp\u00e9ratif pour concilier \u00e9lectrification des usages, int\u00e9gration des EnR sur le r\u00e9seau \u00e9lectrique et trajectoire de d\u00e9carbonation\"}]},{\"@type\":\"WebSite\",\"@id\":\"https:\\\/\\\/www.eurogroupconsulting.com\\\/en\\\/#website\",\"url\":\"https:\\\/\\\/www.eurogroupconsulting.com\\\/en\\\/\",\"name\":\"Eurogroup Consulting\",\"description\":\"Leading Positive Transformation\",\"publisher\":{\"@id\":\"https:\\\/\\\/www.eurogroupconsulting.com\\\/en\\\/#organization\"},\"potentialAction\":[{\"@type\":\"SearchAction\",\"target\":{\"@type\":\"EntryPoint\",\"urlTemplate\":\"https:\\\/\\\/www.eurogroupconsulting.com\\\/en\\\/?s={search_term_string}\"},\"query-input\":{\"@type\":\"PropertyValueSpecification\",\"valueRequired\":true,\"valueName\":\"search_term_string\"}}],\"inLanguage\":\"en-US\"},{\"@type\":\"Organization\",\"@id\":\"https:\\\/\\\/www.eurogroupconsulting.com\\\/en\\\/#organization\",\"name\":\"Eurogroup Consulting\",\"url\":\"https:\\\/\\\/www.eurogroupconsulting.com\\\/en\\\/\",\"logo\":{\"@type\":\"ImageObject\",\"inLanguage\":\"en-US\",\"@id\":\"https:\\\/\\\/www.eurogroupconsulting.com\\\/en\\\/#\\\/schema\\\/logo\\\/image\\\/\",\"url\":\"https:\\\/\\\/www.eurogroupconsulting.com\\\/wp-content\\\/uploads\\\/2025\\\/07\\\/logo-header-light.png\",\"contentUrl\":\"https:\\\/\\\/www.eurogroupconsulting.com\\\/wp-content\\\/uploads\\\/2025\\\/07\\\/logo-header-light.png\",\"width\":260,\"height\":256,\"caption\":\"Eurogroup Consulting\"},\"image\":{\"@id\":\"https:\\\/\\\/www.eurogroupconsulting.com\\\/en\\\/#\\\/schema\\\/logo\\\/image\\\/\"}},{\"@type\":\"Person\",\"@id\":\"https:\\\/\\\/www.eurogroupconsulting.com\\\/en\\\/#\\\/schema\\\/person\\\/133ae1ea81103ee4d351aa8dbfef57db\",\"name\":\"Baptiste LEFILLIATRE-SCHREINER\",\"image\":{\"@type\":\"ImageObject\",\"inLanguage\":\"en-US\",\"@id\":\"https:\\\/\\\/secure.gravatar.com\\\/avatar\\\/91e52183bb82eda311409aaa10455fae34730289ecbad7bf4cdd430840533648?s=96&d=mm&r=g\",\"url\":\"https:\\\/\\\/secure.gravatar.com\\\/avatar\\\/91e52183bb82eda311409aaa10455fae34730289ecbad7bf4cdd430840533648?s=96&d=mm&r=g\",\"contentUrl\":\"https:\\\/\\\/secure.gravatar.com\\\/avatar\\\/91e52183bb82eda311409aaa10455fae34730289ecbad7bf4cdd430840533648?s=96&d=mm&r=g\",\"caption\":\"Baptiste LEFILLIATRE-SCHREINER\"},\"url\":\"https:\\\/\\\/www.eurogroupconsulting.com\\\/en\\\/author\\\/baptiste-lefilliatre-schreinereurogroupconsulting\"}]}<\/script>\n<!-- \/ Yoast SEO plugin. -->","yoast_head_json":{"title":"Developing flexibility, an imperative for energy","description":"Electrical flexibility: a key lever for reconciling the electrification of uses, the integration of renewable energies, and the decarbonization trajectory.","robots":{"index":"index","follow":"follow","max-snippet":"max-snippet:-1","max-image-preview":"max-image-preview:large","max-video-preview":"max-video-preview:-1"},"canonical":"https:\/\/www.eurogroupconsulting.com\/en\/publications\/article\/the-development-of-flexibility-is-an-imperative-for-energy","og_locale":"en_US","og_type":"article","og_title":"Le d\u00e9veloppement des flexibilit\u00e9s, un imp\u00e9ratif pour l'\u00e9nergie","og_description":"Flexibilit\u00e9s \u00e9lectriques : un levier cl\u00e9 pour concilier \u00e9lectrification des usages, int\u00e9gration des EnR et trajectoire de d\u00e9carbonation.","og_url":"https:\/\/www.eurogroupconsulting.com\/en\/publications\/article\/the-development-of-flexibility-is-an-imperative-for-energy","og_site_name":"Eurogroup Consulting","article_published_time":"2026-03-09T11:01:43+00:00","article_modified_time":"2026-03-09T11:02:43+00:00","author":"Baptiste LEFILLIATRE-SCHREINER","twitter_card":"summary_large_image","twitter_misc":{"Written by":"Baptiste LEFILLIATRE-SCHREINER","Est. reading time":"2 minutes"},"schema":{"@context":"https:\/\/schema.org","@graph":[{"@type":"Article","@id":"https:\/\/www.eurogroupconsulting.com\/en\/publications\/article\/le-developpement-des-flexibilites-un-imperatif-pour-l-energie#article","isPartOf":{"@id":"https:\/\/www.eurogroupconsulting.com\/en\/publications\/article\/le-developpement-des-flexibilites-un-imperatif-pour-l-energie"},"author":{"name":"Baptiste LEFILLIATRE-SCHREINER","@id":"https:\/\/www.eurogroupconsulting.com\/en\/#\/schema\/person\/133ae1ea81103ee4d351aa8dbfef57db"},"headline":"Le d\u00e9veloppement des flexibilit\u00e9s : un imp\u00e9ratif pour concilier \u00e9lectrification des usages, int\u00e9gration des EnR sur le r\u00e9seau \u00e9lectrique et trajectoire de d\u00e9carbonation","datePublished":"2026-03-09T11:01:43+00:00","dateModified":"2026-03-09T11:02:43+00:00","mainEntityOfPage":{"@id":"https:\/\/www.eurogroupconsulting.com\/en\/publications\/article\/le-developpement-des-flexibilites-un-imperatif-pour-l-energie"},"wordCount":396,"publisher":{"@id":"https:\/\/www.eurogroupconsulting.com\/en\/#organization"},"image":{"@id":"https:\/\/www.eurogroupconsulting.com\/en\/publications\/article\/le-developpement-des-flexibilites-un-imperatif-pour-l-energie#primaryimage"},"thumbnailUrl":"https:\/\/www.eurogroupconsulting.com\/wp-content\/uploads\/2026\/03\/photo-1615209852901-ebdb472411c2.avif","keywords":["Highlight"],"articleSection":["Article"],"inLanguage":"en-US"},{"@type":"WebPage","@id":"https:\/\/www.eurogroupconsulting.com\/en\/publications\/article\/le-developpement-des-flexibilites-un-imperatif-pour-l-energie","url":"https:\/\/www.eurogroupconsulting.com\/en\/publications\/article\/le-developpement-des-flexibilites-un-imperatif-pour-l-energie","name":"Developing flexibility, an imperative for energy","isPartOf":{"@id":"https:\/\/www.eurogroupconsulting.com\/en\/#website"},"primaryImageOfPage":{"@id":"https:\/\/www.eurogroupconsulting.com\/en\/publications\/article\/le-developpement-des-flexibilites-un-imperatif-pour-l-energie#primaryimage"},"image":{"@id":"https:\/\/www.eurogroupconsulting.com\/en\/publications\/article\/le-developpement-des-flexibilites-un-imperatif-pour-l-energie#primaryimage"},"thumbnailUrl":"https:\/\/www.eurogroupconsulting.com\/wp-content\/uploads\/2026\/03\/photo-1615209852901-ebdb472411c2.avif","datePublished":"2026-03-09T11:01:43+00:00","dateModified":"2026-03-09T11:02:43+00:00","description":"Electrical flexibility: a key lever for reconciling the electrification of uses, the integration of renewable energies, and the decarbonization trajectory.","breadcrumb":{"@id":"https:\/\/www.eurogroupconsulting.com\/en\/publications\/article\/le-developpement-des-flexibilites-un-imperatif-pour-l-energie#breadcrumb"},"inLanguage":"en-US","potentialAction":[{"@type":"ReadAction","target":["https:\/\/www.eurogroupconsulting.com\/en\/publications\/article\/le-developpement-des-flexibilites-un-imperatif-pour-l-energie"]}]},{"@type":"ImageObject","inLanguage":"en-US","@id":"https:\/\/www.eurogroupconsulting.com\/en\/publications\/article\/le-developpement-des-flexibilites-un-imperatif-pour-l-energie#primaryimage","url":"https:\/\/www.eurogroupconsulting.com\/wp-content\/uploads\/2026\/03\/photo-1615209852901-ebdb472411c2.avif","contentUrl":"https:\/\/www.eurogroupconsulting.com\/wp-content\/uploads\/2026\/03\/photo-1615209852901-ebdb472411c2.avif","width":1074,"height":806},{"@type":"BreadcrumbList","@id":"https:\/\/www.eurogroupconsulting.com\/en\/publications\/article\/le-developpement-des-flexibilites-un-imperatif-pour-l-energie#breadcrumb","itemListElement":[{"@type":"ListItem","position":1,"name":"Home","item":"https:\/\/www.eurogroupconsulting.com\/"},{"@type":"ListItem","position":2,"name":"Article","item":"https:\/\/www.eurogroupconsulting.com\/category\/article"},{"@type":"ListItem","position":3,"name":"Le d\u00e9veloppement des flexibilit\u00e9s : un imp\u00e9ratif pour concilier \u00e9lectrification des usages, int\u00e9gration des EnR sur le r\u00e9seau \u00e9lectrique et trajectoire de d\u00e9carbonation"}]},{"@type":"WebSite","@id":"https:\/\/www.eurogroupconsulting.com\/en\/#website","url":"https:\/\/www.eurogroupconsulting.com\/en\/","name":"Eurogroup Consulting","description":"Leading Positive Transformation","publisher":{"@id":"https:\/\/www.eurogroupconsulting.com\/en\/#organization"},"potentialAction":[{"@type":"SearchAction","target":{"@type":"EntryPoint","urlTemplate":"https:\/\/www.eurogroupconsulting.com\/en\/?s={search_term_string}"},"query-input":{"@type":"PropertyValueSpecification","valueRequired":true,"valueName":"search_term_string"}}],"inLanguage":"en-US"},{"@type":"Organization","@id":"https:\/\/www.eurogroupconsulting.com\/en\/#organization","name":"Eurogroup Consulting","url":"https:\/\/www.eurogroupconsulting.com\/en\/","logo":{"@type":"ImageObject","inLanguage":"en-US","@id":"https:\/\/www.eurogroupconsulting.com\/en\/#\/schema\/logo\/image\/","url":"https:\/\/www.eurogroupconsulting.com\/wp-content\/uploads\/2025\/07\/logo-header-light.png","contentUrl":"https:\/\/www.eurogroupconsulting.com\/wp-content\/uploads\/2025\/07\/logo-header-light.png","width":260,"height":256,"caption":"Eurogroup Consulting"},"image":{"@id":"https:\/\/www.eurogroupconsulting.com\/en\/#\/schema\/logo\/image\/"}},{"@type":"Person","@id":"https:\/\/www.eurogroupconsulting.com\/en\/#\/schema\/person\/133ae1ea81103ee4d351aa8dbfef57db","name":"Baptiste LEFILLIATRE-SCHREINER","image":{"@type":"ImageObject","inLanguage":"en-US","@id":"https:\/\/secure.gravatar.com\/avatar\/91e52183bb82eda311409aaa10455fae34730289ecbad7bf4cdd430840533648?s=96&d=mm&r=g","url":"https:\/\/secure.gravatar.com\/avatar\/91e52183bb82eda311409aaa10455fae34730289ecbad7bf4cdd430840533648?s=96&d=mm&r=g","contentUrl":"https:\/\/secure.gravatar.com\/avatar\/91e52183bb82eda311409aaa10455fae34730289ecbad7bf4cdd430840533648?s=96&d=mm&r=g","caption":"Baptiste LEFILLIATRE-SCHREINER"},"url":"https:\/\/www.eurogroupconsulting.com\/en\/author\/baptiste-lefilliatre-schreinereurogroupconsulting"}]}},"_links":{"self":[{"href":"https:\/\/www.eurogroupconsulting.com\/en\/wp-json\/wp\/v2\/posts\/11074","targetHints":{"allow":["GET"]}}],"collection":[{"href":"https:\/\/www.eurogroupconsulting.com\/en\/wp-json\/wp\/v2\/posts"}],"about":[{"href":"https:\/\/www.eurogroupconsulting.com\/en\/wp-json\/wp\/v2\/types\/post"}],"author":[{"embeddable":true,"href":"https:\/\/www.eurogroupconsulting.com\/en\/wp-json\/wp\/v2\/users\/9"}],"replies":[{"embeddable":true,"href":"https:\/\/www.eurogroupconsulting.com\/en\/wp-json\/wp\/v2\/comments?post=11074"}],"version-history":[{"count":20,"href":"https:\/\/www.eurogroupconsulting.com\/en\/wp-json\/wp\/v2\/posts\/11074\/revisions"}],"predecessor-version":[{"id":11101,"href":"https:\/\/www.eurogroupconsulting.com\/en\/wp-json\/wp\/v2\/posts\/11074\/revisions\/11101"}],"wp:featuredmedia":[{"embeddable":true,"href":"https:\/\/www.eurogroupconsulting.com\/en\/wp-json\/wp\/v2\/media\/11079"}],"wp:attachment":[{"href":"https:\/\/www.eurogroupconsulting.com\/en\/wp-json\/wp\/v2\/media?parent=11074"}],"wp:term":[{"taxonomy":"category","embeddable":true,"href":"https:\/\/www.eurogroupconsulting.com\/en\/wp-json\/wp\/v2\/categories?post=11074"},{"taxonomy":"post_tag","embeddable":true,"href":"https:\/\/www.eurogroupconsulting.com\/en\/wp-json\/wp\/v2\/tags?post=11074"}],"curies":[{"name":"wp","href":"https:\/\/api.w.org\/{rel}","templated":true}]}}